{"id":971,"date":"2022-06-30T11:42:00","date_gmt":"2022-06-30T09:42:00","guid":{"rendered":"https:\/\/finsamorebrolan.se\/degerfors-karlskoga\/?p=971"},"modified":"2024-04-19T13:06:37","modified_gmt":"2024-04-19T11:06:37","slug":"spraka-i-samverkan","status":"publish","type":"post","link":"https:\/\/finsamorebrolan.se\/degerfors-karlskoga\/spraka-i-samverkan\/","title":{"rendered":"Spr\u00e5ka i samverkan"},"content":{"rendered":"\n<p class=\"wp-block-paragraph\">Spr\u00e5ka i samverkan Medfinansieras av Europeiska unionen via Europeiska socialfonden.<\/p>\n\n\n\n<figure class=\"wp-block-image size-full\"><img loading=\"lazy\" decoding=\"async\" width=\"258\" height=\"261\" src=\"https:\/\/finsamorebrolan.se\/degerfors-karlskoga\/wp-content\/uploads\/sites\/5\/2024\/02\/Medfinansieras-av-EU.png\" alt=\"\" class=\"wp-image-1050\"\/><\/figure>\n\n\n\n<p class=\"wp-block-paragraph\">Status\u00a0\u00a0 Avslutat<br>\u00c5r\u00a0\u00a0\u00a0\u00a0\u00a0\u00a0\u00a0\u00a0\u00a0\u00a0 2020-01-01 \u2013 2022-06-30<br>Plats\u00a0\u00a0\u00a0\u00a0 Karlskoga\/ Degerfors <br>Typ\u00a0\u00a0\u00a0\u00a0\u00a0\u00a0\u00a0\u00a0 ESF-projekt<\/p>\n\n\n\n<h4 class=\"wp-block-heading\">Om Insatsen<\/h4>\n\n\n\n<p class=\"wp-block-paragraph\">Spr\u00e5ka i samverkan var ett unikt projekt mellan det Finsamfinansierade individaninriktade samverkansarenan Coachingteamet och den etablerade civilsamh\u00e4llesorganisationen M\u00f6ckelnf\u00f6reningarna. Att ett lagstadgat samordningsf\u00f6rbund ing\u00e5r i ett gemensamt initiativ med en, f\u00f6r Sverige unik, paraplyorganisation f\u00f6r ideell sektor i Karlskoga\/Degerfors, utg\u00f6r en projektid\u00e9 som inte tidigare pr\u00f6vats. Att b\u00e4gge verksamheterna \u00e4r etablerade inom sina respektive arenor, dvs offentlig och ideell sektor, har skapat f\u00f6ruts\u00e4ttningar f\u00f6r en naturlig implementering av den samverkan som Spr\u00e5ka i samverkan har byggt upp under projekttiden.&nbsp;&nbsp;<\/p>\n\n\n\n<p class=\"wp-block-paragraph\">&nbsp;Projektm\u00e5let var att skapa f\u00f6ruts\u00e4ttningar f\u00f6r m\u00e5lgruppen m\u00e4n och kvinnor som anl\u00e4nt till Sverige under senare \u00e5r, boende i Karlskoga och Degerfors, i \u00e5ldrarna 16-64 \u00e5r som st\u00e5r l\u00e5ngt fr\u00e5n arbetsmarknaden och som st\u00e5tt utanf\u00f6r arbetsmarknaden mer \u00e4n 24 m\u00e5nader, att stegf\u00f6rflyttas mot egenf\u00f6rs\u00f6rjning genom f\u00f6reningslivets och ideell sektors eldsj\u00e4lar.&nbsp;<\/p>\n\n\n\n<p class=\"wp-block-paragraph\">\u00d6vergripande m\u00e5l var att ge b\u00e5de m\u00e4n och kvinnor tillg\u00e4nglighet till en inkluderande arbetsmarknad f\u00f6r att n\u00e5 egenf\u00f6rs\u00f6rjning.<\/p>\n\n\n\n<p class=\"wp-block-paragraph\">Delm\u00e5l var att skapa attitydf\u00f6r\u00e4ndring samt \u00f6ka kunskapen om ideell sektors betydelse f\u00f6r m\u00e5lgruppens stegf\u00f6rflyttning p\u00e5 individ- och strukturell niv\u00e5, skapa samarbete mellan samordningsf\u00f6rbundet och ideell sektor samt \u00f6ka arbetskraftsutbudet.<\/p>\n\n\n\n<h4 class=\"wp-block-heading\">Resultat:<\/h4>\n\n\n\n<p class=\"wp-block-paragraph\">100% av deltagarna har f\u00f6rb\u00e4ttrat sitt spr\u00e5k och gjort stegf\u00f6rflyttning mot egenf\u00f6rs\u00f6rjning, f\u00e5tt \u00f6kad kunskap och kontakt med civilsamh\u00e4llet som gett best\u00e5ende relationer.&nbsp;<\/p>\n\n\n\n<p class=\"wp-block-paragraph\">\u00c5tta deltagare har p\u00e5b\u00f6rjat studier p\u00e5 Karlskoga folkh\u00f6gskola och Vuxnas l\u00e4rande (Komvux).&nbsp; Fem deltagare har g\u00e5tt till n\u00e5gon form av anst\u00e4llning. \u00c5tta deltagare har blivit aktiva inom f\u00f6reningslivet<\/p>\n\n\n\n<p class=\"wp-block-paragraph\">Totalt har 41% av deltagarna g\u00e5tt till studier\/arbete.<\/p>\n\n\n\n<p class=\"wp-block-paragraph\">Genom att Spr\u00e5kamodellen under projektet har skapats och implementerats i Coachingteamets ordinarie verksamhet har f\u00f6ruts\u00e4ttningar f\u00f6r spridning inom offentlig sektor har skapats.\u00a0 Projektets framg\u00e5ngsfaktorer har varit att s\u00e4tta deltagarens egna ansvar i fokus, genom att inkludera deltagarna i sin egen stegf\u00f6rflyttning i projektet, projektpersonalens tillit till p\u00e5 att deltagarna kan n\u00e5 sina m\u00e5l samt TID.\u00a0<\/p>\n\n\n\n<p class=\"wp-block-paragraph\">&nbsp;Civilsamh\u00e4llets trygga spr\u00e5k- och arbetstr\u00e4ningsmilj\u00f6er \u00e4r ett kraftfullt verktyg f\u00f6r att ge deltagarna social gemenskap, sj\u00e4lvf\u00f6rtroende, f\u00f6rb\u00e4ttrat spr\u00e5k samt referenser som \u00f6kar chansen till egenf\u00f6rs\u00f6rjning.<\/p>\n","protected":false},"excerpt":{"rendered":"<div class=\"entry-summary\">\n<div class=\"entry-summary\">\nSpr\u00e5ka i samverkan Medfinansieras av Europeiska unionen via Europeiska socialfonden. Status\u00a0\u00a0 Avslutat\u00c5r\u00a0\u00a0\u00a0\u00a0\u00a0\u00a0\u00a0\u00a0\u00a0\u00a0 2020-01-01 \u2013 2022-06-30Plats\u00a0\u00a0\u00a0\u00a0 Karlskoga\/ Degerfors Typ\u00a0\u00a0\u00a0\u00a0\u00a0\u00a0\u00a0\u00a0 ESF-projekt Om Insatsen Spr\u00e5ka i samverkan var ett unikt projekt mellan det Finsamfinansierade individaninriktade samverkansarenan Coachingteamet och den etablerade civilsamh\u00e4llesorganisationen M\u00f6ckelnf\u00f6reningarna. Att&hellip;\n<\/div>\n<div class=\"link-more-container\"><a href=\"https:\/\/finsamorebrolan.se\/degerfors-karlskoga\/spraka-i-samverkan\/\" class=\"link-more\" aria-label=\"L\u00e4s mer Spr\u00e5ka i samverkan\">L\u00e4s mer &hellip;<\/a><\/div>\n<\/div>\n<div class=\"link-more-container\"><a href=\"https:\/\/finsamorebrolan.se\/degerfors-karlskoga\/spraka-i-samverkan\/\" class=\"link-more\" aria-label=\"L\u00e4s mer Spr\u00e5ka i samverkan\">L\u00e4s mer &hellip;<\/a><\/div>\n","protected":false},"author":1,"featured_media":0,"comment_status":"closed","ping_status":"closed","sticky":false,"template":"","format":"standard","meta":{"_crdt_document":"","_coblocks_attr":"","_coblocks_dimensions":"","_coblocks_responsive_height":"","_coblocks_accordion_ie_support":"","footnotes":""},"categories":[41],"tags":[],"class_list":["post-971","post","type-post","status-publish","format-standard","hentry","category-genomforda-insatser","entry","entry-type-post"],"_links":{"self":[{"href":"https:\/\/finsamorebrolan.se\/degerfors-karlskoga\/wp-json\/wp\/v2\/posts\/971","targetHints":{"allow":["GET"]}}],"collection":[{"href":"https:\/\/finsamorebrolan.se\/degerfors-karlskoga\/wp-json\/wp\/v2\/posts"}],"about":[{"href":"https:\/\/finsamorebrolan.se\/degerfors-karlskoga\/wp-json\/wp\/v2\/types\/post"}],"author":[{"embeddable":true,"href":"https:\/\/finsamorebrolan.se\/degerfors-karlskoga\/wp-json\/wp\/v2\/users\/1"}],"replies":[{"embeddable":true,"href":"https:\/\/finsamorebrolan.se\/degerfors-karlskoga\/wp-json\/wp\/v2\/comments?post=971"}],"version-history":[{"count":0,"href":"https:\/\/finsamorebrolan.se\/degerfors-karlskoga\/wp-json\/wp\/v2\/posts\/971\/revisions"}],"wp:attachment":[{"href":"https:\/\/finsamorebrolan.se\/degerfors-karlskoga\/wp-json\/wp\/v2\/media?parent=971"}],"wp:term":[{"taxonomy":"category","embeddable":true,"href":"https:\/\/finsamorebrolan.se\/degerfors-karlskoga\/wp-json\/wp\/v2\/categories?post=971"},{"taxonomy":"post_tag","embeddable":true,"href":"https:\/\/finsamorebrolan.se\/degerfors-karlskoga\/wp-json\/wp\/v2\/tags?post=971"}],"curies":[{"name":"wp","href":"https:\/\/api.w.org\/{rel}","templated":true}]}}