{"id":1157,"date":"2022-10-06T13:42:00","date_gmt":"2022-10-06T11:42:00","guid":{"rendered":"https:\/\/finsamorebrolan.se\/lekeberg-orebro\/?p=1157"},"modified":"2023-03-27T21:32:57","modified_gmt":"2023-03-27T19:32:57","slug":"coachingsteamet-lekeberg","status":"publish","type":"post","link":"https:\/\/finsamorebrolan.se\/lekeberg-orebro\/coachingsteamet-lekeberg\/","title":{"rendered":"Coachingsteamet &#8211; Lekeberg"},"content":{"rendered":"\n<p class=\"wp-block-paragraph\">Du som beh\u00f6ver extra st\u00f6d och hj\u00e4lp f\u00f6r att f\u00e5 ett arbete eller b\u00f6rja studera kan f\u00e5 hj\u00e4lp hos Coachingteamet.<\/p>\n\n\n\n<p class=\"wp-block-paragraph\">Hos Coachingteamet f\u00e5r du tr\u00e4ffa en coach.<br>Coachen hj\u00e4lper dig att planera olika aktiviteter.<br>Aktiviteterna ska hj\u00e4lpa dig att bli mer redo f\u00f6r arbete eller studier.<\/p>\n\n\n\n<p class=\"wp-block-paragraph\">Alla aktiviteter best\u00e4ms tillsammans och ska passa dina behov och intressen.<br>Det finns aktiviteter i grupp och enskilt.<\/p>\n\n\n\n<p class=\"wp-block-paragraph\">Hos oss kan du bland annat:<\/p>\n\n\n\n<ul class=\"wp-block-list\">\n<li>f\u00e5 enskilda st\u00f6dsamtal<\/li>\n\n\n\n<li>\u00f6va p\u00e5 att passa tider och vara med andra m\u00e4nniskor<\/li>\n\n\n\n<li>\u00f6va p\u00e5 att vara med p\u00e5 m\u00f6ten och att tala inf\u00f6r andra<\/li>\n\n\n\n<li>testa p\u00e5 olika arbetsuppgifter och se dina f\u00f6ruts\u00e4ttningar f\u00f6r att jobba (arbetstr\u00e4ning)<\/li>\n\n\n\n<li>praktisera f\u00f6r att f\u00e5 arbetslivserfarenhet<\/li>\n\n\n\n<li>f\u00e5 hj\u00e4lp att prata med myndigheter, som F\u00f6rs\u00e4kringskassan och Arbetsf\u00f6rmedlingen.<\/li>\n<\/ul>\n\n\n\n<h5 class=\"wp-block-heading\">M\u00e5lgrupp<\/h5>\n\n\n\n<p class=\"wp-block-paragraph\">Vi v\u00e4nder oss till dig som beh\u00f6ver samordnad rehabilitering och som inte har en arbetsgivare.<\/p>\n\n\n\n<p class=\"wp-block-paragraph\">Det kan inneb\u00e4ra att du:<\/p>\n\n\n\n<ul class=\"wp-block-list\">\n<li>har varit borta fr\u00e5n arbetsmarknaden under en l\u00e5ng period p\u00e5 grund av sjukdom,<\/li>\n\n\n\n<li>har en funktionsneds\u00e4ttning som g\u00f6r att du beh\u00f6ver extra st\u00f6d f\u00f6r att f\u00e5 och beh\u00e5lla ett arbete eller<\/li>\n\n\n\n<li>aldrig haft ett jobb.<\/li>\n<\/ul>\n\n\n\n<p class=\"wp-block-paragraph\">Du beh\u00f6ver bo i Lekebergs kommun f\u00e5r att kunna ta del av insatsen.<\/p>\n\n\n\n<h5 class=\"wp-block-heading\">G\u00f6r s\u00e5 h\u00e4r om du \u00e4r intresserad<\/h5>\n\n\n\n<p class=\"wp-block-paragraph\">F\u00f6r att komma till coachingteamet tr\u00e4ffar du f\u00f6rst mottagningsteamet. <a href=\"https:\/\/lekeberg.se\/naringslivocharbete\/arbetsmarknad\/mottagningsteametrattstodmotarbeteochforsorjning.4.311bff9c1522ed3c5918e8ba.html\" target=\"_blank\" rel=\"noreferrer noopener\">L\u00e4s mer om Mottagningsteamet.<\/a><br>Tillsammans avg\u00f6r ni om Coachingteamet \u00e4r b\u00e4st st\u00f6d f\u00f6r dig.<\/p>\n\n\n\n<p class=\"wp-block-paragraph\"><a rel=\"noreferrer noopener\" href=\"https:\/\/minasidor.lekeberg.se\/oversikt\/overview\/152\" target=\"_blank\">Ans\u00f6k till Mottagningsteamet<\/a><\/p>\n\n\n\n<div class=\"wp-block-columns is-layout-flex wp-container-core-columns-is-layout-7387b849 wp-block-columns-is-layout-flex\">\n<div class=\"wp-block-column has-palette-4-background-color has-background is-layout-flow wp-block-column-is-layout-flow\">\n<h6 class=\"wp-block-heading\">Kontaktpersoner<\/h6>\n\n\n\n<p class=\"wp-block-paragraph\">Sofie Ekmark<br><em>Samordnare<\/em><\/p>\n\n\n\n<p class=\"wp-block-paragraph\">0585-488 29<br><a href=\"mailto:sofie.ekmark@lekeberg.se\">sofie.ekmark@lekeberg.se<\/a><\/p>\n\n\n\n<h6 class=\"wp-block-heading\">\u00c4gare<\/h6>\n\n\n\n<p class=\"wp-block-paragraph\">Lekeberg kommun<\/p>\n\n\n\n<h6 class=\"wp-block-heading\">Bes\u00f6ksadress<\/h6>\n\n\n\n<p class=\"wp-block-paragraph\">Kastanjen, Bangatan 10B, 716 31 Fjugesta.<\/p>\n\n\n\n<p class=\"wp-block-paragraph\"><a href=\"https:\/\/goo.gl\/maps\/miQVx6gwXK74m2uP6\" target=\"_blank\" rel=\"noreferrer noopener\">Se karta<\/a><\/p>\n\n\n\n<h6 class=\"wp-block-heading\">Insatsl\u00e4nkar<\/h6>\n\n\n\n<p class=\"wp-block-paragraph\"><a href=\"https:\/\/lekeberg.se\/naringslivocharbete\/arbetsmarknadochami\/coachingteamet.4.1465150f16e0a3c5dd3b2e6b.html\" target=\"_blank\" rel=\"noreferrer noopener\">Coachingteamet, Lekebergs kommun<\/a><\/p>\n\n\n\n<p class=\"wp-block-paragraph\"><a href=\"https:\/\/minasidor.lekeberg.se\/oversikt\/overview\/152\" target=\"_blank\" rel=\"noreferrer noopener\">Ans\u00f6kan till Mottagningsteamet<\/a><\/p>\n<\/div>\n<\/div>\n","protected":false},"excerpt":{"rendered":"<div class=\"entry-summary\">\n<div class=\"entry-summary\">\nDu som beh\u00f6ver extra st\u00f6d och hj\u00e4lp f\u00f6r att f\u00e5 ett arbete eller b\u00f6rja studera kan f\u00e5 hj\u00e4lp hos Coachingteamet. Hos Coachingteamet f\u00e5r du tr\u00e4ffa en coach.Coachen hj\u00e4lper dig att planera olika aktiviteter.Aktiviteterna ska hj\u00e4lpa dig att bli mer redo&hellip;\n<\/div>\n<div class=\"link-more-container\"><a href=\"https:\/\/finsamorebrolan.se\/lekeberg-orebro\/coachingsteamet-lekeberg\/\" class=\"link-more\" aria-label=\"L\u00e4s mer Coachingsteamet &#8211; Lekeberg\">L\u00e4s mer &hellip;<\/a><\/div>\n<\/div>\n<div class=\"link-more-container\"><a href=\"https:\/\/finsamorebrolan.se\/lekeberg-orebro\/coachingsteamet-lekeberg\/\" class=\"link-more\" aria-label=\"L\u00e4s mer Coachingsteamet &#8211; Lekeberg\">L\u00e4s mer &hellip;<\/a><\/div>\n","protected":false},"author":1,"featured_media":0,"comment_status":"closed","ping_status":"open","sticky":false,"template":"","format":"standard","meta":{"_crdt_document":"","_coblocks_attr":"","_coblocks_dimensions":"","_coblocks_responsive_height":"","_coblocks_accordion_ie_support":"","footnotes":""},"categories":[42],"tags":[],"class_list":["post-1157","post","type-post","status-publish","format-standard","hentry","category-pagaende-insatser","entry","entry-type-post"],"_links":{"self":[{"href":"https:\/\/finsamorebrolan.se\/lekeberg-orebro\/wp-json\/wp\/v2\/posts\/1157","targetHints":{"allow":["GET"]}}],"collection":[{"href":"https:\/\/finsamorebrolan.se\/lekeberg-orebro\/wp-json\/wp\/v2\/posts"}],"about":[{"href":"https:\/\/finsamorebrolan.se\/lekeberg-orebro\/wp-json\/wp\/v2\/types\/post"}],"author":[{"embeddable":true,"href":"https:\/\/finsamorebrolan.se\/lekeberg-orebro\/wp-json\/wp\/v2\/users\/1"}],"replies":[{"embeddable":true,"href":"https:\/\/finsamorebrolan.se\/lekeberg-orebro\/wp-json\/wp\/v2\/comments?post=1157"}],"version-history":[{"count":0,"href":"https:\/\/finsamorebrolan.se\/lekeberg-orebro\/wp-json\/wp\/v2\/posts\/1157\/revisions"}],"wp:attachment":[{"href":"https:\/\/finsamorebrolan.se\/lekeberg-orebro\/wp-json\/wp\/v2\/media?parent=1157"}],"wp:term":[{"taxonomy":"category","embeddable":true,"href":"https:\/\/finsamorebrolan.se\/lekeberg-orebro\/wp-json\/wp\/v2\/categories?post=1157"},{"taxonomy":"post_tag","embeddable":true,"href":"https:\/\/finsamorebrolan.se\/lekeberg-orebro\/wp-json\/wp\/v2\/tags?post=1157"}],"curies":[{"name":"wp","href":"https:\/\/api.w.org\/{rel}","templated":true}]}}