{"id":1241,"date":"2025-11-01T20:07:02","date_gmt":"2025-11-01T19:07:02","guid":{"rendered":"https:\/\/finsamorebrolan.se\/sydnarke\/?p=1241"},"modified":"2025-11-01T20:07:04","modified_gmt":"2025-11-01T19:07:04","slug":"budgetmote-samordningsforbundet-sydnarke","status":"publish","type":"post","link":"https:\/\/finsamorebrolan.se\/sydnarke\/budgetmote-samordningsforbundet-sydnarke\/","title":{"rendered":"Budgetm\u00f6te Samordningsf\u00f6rbundet Sydn\u00e4rke"},"content":{"rendered":"\n<p class=\"wp-block-paragraph\">Uppdaterad: den 31 oktober 2025<\/p>\n\n\n\n<p class=\"wp-block-paragraph\">Publicerad: den\u00a01 november 2025, 20:00<\/p>\n\n\n\n<p class=\"wp-block-paragraph\">I enlighet med kommunallagen, 9 kap. Kommunal samverkan, 9 \u00a7, Lag<\/p>\n\n\n\n<p class=\"wp-block-paragraph\">{2003:1210) om finansiell samordning av rehabiliteringsinsatser<\/p>\n\n\n\n<p class=\"wp-block-paragraph\">19\u00a7 samt f\u00f6rbundsordning f\u00f6r Samordningsf\u00f6rbundet Sydn\u00e4rke 13\u00a7<\/p>\n\n\n\n<p class=\"wp-block-paragraph\">meddelas tid f\u00f6r sammantr\u00e4de om budget.<\/p>\n\n\n\n<p class=\"wp-block-paragraph\"><strong>Organ: Samordningsf\u00f6rbundet Sydn\u00e4rke<\/strong><\/p>\n\n\n\n<p class=\"wp-block-paragraph\"><strong>Datum:&nbsp;<\/strong>2025-11-28<\/p>\n\n\n\n<p class=\"wp-block-paragraph\"><strong>Tid:&nbsp;<\/strong>09.00<\/p>\n\n\n\n<p class=\"wp-block-paragraph\"><strong>Plats:&nbsp;<\/strong>Samordningsf\u00f6rbundet Sydn\u00e4rke, V\u00e4stra storgatan 5A,<\/p>\n\n\n\n<p class=\"wp-block-paragraph\">694 39 Hallsberg<\/p>\n\n\n\n<p class=\"wp-block-paragraph\">Anm\u00e4l ditt deltagande till&nbsp;<strong><a href=\"mailto:raed.shaqdih@kumla.se\">raed.shaqdih@kumla.se<\/a><\/strong><\/p>\n","protected":false},"excerpt":{"rendered":"<div class=\"entry-summary\">\n<div class=\"entry-summary\">\nUppdaterad: den 31 oktober 2025 Publicerad: den\u00a01 november 2025, 20:00 I enlighet med kommunallagen, 9 kap. Kommunal samverkan, 9 \u00a7, Lag {2003:1210) om finansiell samordning av rehabiliteringsinsatser 19\u00a7 samt f\u00f6rbundsordning f\u00f6r Samordningsf\u00f6rbundet Sydn\u00e4rke 13\u00a7 meddelas tid f\u00f6r sammantr\u00e4de om budget.&hellip;\n<\/div>\n<div class=\"link-more-container\"><a href=\"https:\/\/finsamorebrolan.se\/sydnarke\/budgetmote-samordningsforbundet-sydnarke\/\" class=\"link-more\" aria-label=\"L\u00e4s mer Budgetm\u00f6te Samordningsf\u00f6rbundet Sydn\u00e4rke\">L\u00e4s mer &hellip;<\/a><\/div>\n<\/div>\n<div class=\"link-more-container\"><a href=\"https:\/\/finsamorebrolan.se\/sydnarke\/budgetmote-samordningsforbundet-sydnarke\/\" class=\"link-more\" aria-label=\"L\u00e4s mer Budgetm\u00f6te Samordningsf\u00f6rbundet Sydn\u00e4rke\">L\u00e4s mer &hellip;<\/a><\/div>\n","protected":false},"author":1,"featured_media":0,"comment_status":"closed","ping_status":"closed","sticky":false,"template":"","format":"standard","meta":{"_crdt_document":"","_coblocks_attr":"","_coblocks_dimensions":"","_coblocks_responsive_height":"","_coblocks_accordion_ie_support":"","footnotes":""},"categories":[1],"tags":[],"class_list":["post-1241","post","type-post","status-publish","format-standard","hentry","category-samordningsforbundet-sydnarke","entry","entry-type-post"],"_links":{"self":[{"href":"https:\/\/finsamorebrolan.se\/sydnarke\/wp-json\/wp\/v2\/posts\/1241","targetHints":{"allow":["GET"]}}],"collection":[{"href":"https:\/\/finsamorebrolan.se\/sydnarke\/wp-json\/wp\/v2\/posts"}],"about":[{"href":"https:\/\/finsamorebrolan.se\/sydnarke\/wp-json\/wp\/v2\/types\/post"}],"author":[{"embeddable":true,"href":"https:\/\/finsamorebrolan.se\/sydnarke\/wp-json\/wp\/v2\/users\/1"}],"replies":[{"embeddable":true,"href":"https:\/\/finsamorebrolan.se\/sydnarke\/wp-json\/wp\/v2\/comments?post=1241"}],"version-history":[{"count":0,"href":"https:\/\/finsamorebrolan.se\/sydnarke\/wp-json\/wp\/v2\/posts\/1241\/revisions"}],"wp:attachment":[{"href":"https:\/\/finsamorebrolan.se\/sydnarke\/wp-json\/wp\/v2\/media?parent=1241"}],"wp:term":[{"taxonomy":"category","embeddable":true,"href":"https:\/\/finsamorebrolan.se\/sydnarke\/wp-json\/wp\/v2\/categories?post=1241"},{"taxonomy":"post_tag","embeddable":true,"href":"https:\/\/finsamorebrolan.se\/sydnarke\/wp-json\/wp\/v2\/tags?post=1241"}],"curies":[{"name":"wp","href":"https:\/\/api.w.org\/{rel}","templated":true}]}}