{"id":806,"date":"2016-06-02T13:47:00","date_gmt":"2016-06-02T11:47:00","guid":{"rendered":"https:\/\/finsamorebrolan.se\/sydnarke\/?p=806"},"modified":"2023-02-14T13:48:51","modified_gmt":"2023-02-14T12:48:51","slug":"forstudien-hallsbergsmodellen","status":"publish","type":"post","link":"https:\/\/finsamorebrolan.se\/sydnarke\/forstudien-hallsbergsmodellen\/","title":{"rendered":"F\u00f6rstudien Hallsbergsmodellen"},"content":{"rendered":"\n<p class=\"wp-block-paragraph\"><strong>Huvudman:<br><\/strong>Hallsbergs kommun<\/p>\n\n\n\n<p class=\"wp-block-paragraph\"><strong>Intressenter:<br><\/strong>Finsams parter fr\u00e4mst kommunerna, Arbetsf\u00f6rmedlingen och F\u00f6rs\u00e4kringskassan.<\/p>\n\n\n\n<p class=\"wp-block-paragraph\"><strong>Ort:<br><\/strong>Hallsberg<\/p>\n\n\n\n<p class=\"wp-block-paragraph\"><strong>Projektperiod:<br><\/strong>2016<\/p>\n\n\n\n<p class=\"wp-block-paragraph\"><strong>Finansiering:<br><\/strong>Max 155&nbsp;000 kr<\/p>\n\n\n\n<p class=\"wp-block-paragraph\"><strong>Syfte:<br><\/strong>Hallsbergs kommun vill utreda om kommunens arbetslivsinriktade insatser kan kompletteras med insatser i samverkan med arbetsintegrerande sociala f\u00f6retag, ASF. Hur och p\u00e5 vilket s\u00e4tt kan detta bidra till att personer som st\u00e5r utanf\u00f6r arbetsmarknaden snabbare kan n\u00e5 egen f\u00f6rs\u00f6rjning.<\/p>\n\n\n\n<p class=\"wp-block-paragraph\">Hallsbergs kommun vill ocks\u00e5 utreda om ASF kan vara ett komplement till traditionell kommunal verksamhet f\u00f6r personer med beslut om syssels\u00e4ttning enligt LSS och SOL.<\/p>\n\n\n\n<p class=\"wp-block-paragraph\"><strong>Kontaktperson, namn, telefon och e-post:<br><\/strong>Lars Rickardt, stiftelsen Activa<br>Mobil 070-7549622<br><a href=\"mailto:lars.rickardt@s-activa.se\">lars.rickardt@s-activa.se<\/a><\/p>\n","protected":false},"excerpt":{"rendered":"<div class=\"entry-summary\">\n<div class=\"entry-summary\">\nHuvudman:Hallsbergs kommun Intressenter:Finsams parter fr\u00e4mst kommunerna, Arbetsf\u00f6rmedlingen och F\u00f6rs\u00e4kringskassan. Ort:Hallsberg Projektperiod:2016 Finansiering:Max 155&nbsp;000 kr Syfte:Hallsbergs kommun vill utreda om kommunens arbetslivsinriktade insatser kan kompletteras med insatser i samverkan med arbetsintegrerande sociala f\u00f6retag, ASF. Hur och p\u00e5 vilket s\u00e4tt kan detta&hellip;\n<\/div>\n<div class=\"link-more-container\"><a href=\"https:\/\/finsamorebrolan.se\/sydnarke\/forstudien-hallsbergsmodellen\/\" class=\"link-more\" aria-label=\"L\u00e4s mer F\u00f6rstudien Hallsbergsmodellen\">L\u00e4s mer &hellip;<\/a><\/div>\n<\/div>\n<div class=\"link-more-container\"><a href=\"https:\/\/finsamorebrolan.se\/sydnarke\/forstudien-hallsbergsmodellen\/\" class=\"link-more\" aria-label=\"L\u00e4s mer F\u00f6rstudien Hallsbergsmodellen\">L\u00e4s mer &hellip;<\/a><\/div>\n","protected":false},"author":1,"featured_media":0,"comment_status":"closed","ping_status":"closed","sticky":false,"template":"","format":"standard","meta":{"_crdt_document":"","_coblocks_attr":"","_coblocks_dimensions":"","_coblocks_responsive_height":"","_coblocks_accordion_ie_support":"","footnotes":""},"categories":[37],"tags":[],"class_list":["post-806","post","type-post","status-publish","format-standard","hentry","category-genomforda-insatser","entry","entry-type-post"],"_links":{"self":[{"href":"https:\/\/finsamorebrolan.se\/sydnarke\/wp-json\/wp\/v2\/posts\/806","targetHints":{"allow":["GET"]}}],"collection":[{"href":"https:\/\/finsamorebrolan.se\/sydnarke\/wp-json\/wp\/v2\/posts"}],"about":[{"href":"https:\/\/finsamorebrolan.se\/sydnarke\/wp-json\/wp\/v2\/types\/post"}],"author":[{"embeddable":true,"href":"https:\/\/finsamorebrolan.se\/sydnarke\/wp-json\/wp\/v2\/users\/1"}],"replies":[{"embeddable":true,"href":"https:\/\/finsamorebrolan.se\/sydnarke\/wp-json\/wp\/v2\/comments?post=806"}],"version-history":[{"count":0,"href":"https:\/\/finsamorebrolan.se\/sydnarke\/wp-json\/wp\/v2\/posts\/806\/revisions"}],"wp:attachment":[{"href":"https:\/\/finsamorebrolan.se\/sydnarke\/wp-json\/wp\/v2\/media?parent=806"}],"wp:term":[{"taxonomy":"category","embeddable":true,"href":"https:\/\/finsamorebrolan.se\/sydnarke\/wp-json\/wp\/v2\/categories?post=806"},{"taxonomy":"post_tag","embeddable":true,"href":"https:\/\/finsamorebrolan.se\/sydnarke\/wp-json\/wp\/v2\/tags?post=806"}],"curies":[{"name":"wp","href":"https:\/\/api.w.org\/{rel}","templated":true}]}}