{"id":809,"date":"2016-06-02T13:48:00","date_gmt":"2016-06-02T11:48:00","guid":{"rendered":"https:\/\/finsamorebrolan.se\/sydnarke\/?p=809"},"modified":"2023-02-14T13:50:06","modified_gmt":"2023-02-14T12:50:06","slug":"forsteget-askersund","status":"publish","type":"post","link":"https:\/\/finsamorebrolan.se\/sydnarke\/forsteget-askersund\/","title":{"rendered":"F\u00f6rsteget\/Askersund"},"content":{"rendered":"\n<p class=\"wp-block-paragraph\"><strong>Sammanfattning:<\/strong><br>Projektet v\u00e4nder sig till unga vuxna som har en \u00f6nskan men ett stort behov av personligt st\u00f6d att n\u00e4rma sig den regulj\u00e4ra arbetsmarknaden. Glappet till de befintliga verksamheterna som finns idag \u00e4r f\u00f6r stort f\u00f6r m\u00e5nga unga, efter \u00e5r av utanf\u00f6rskap beh\u00f6vs ett mer aktivt f\u00f6rberedande arbete med personligt engagemang.&nbsp; Det \u00e4r t\u00e4nkt att man arbetar b\u00e5de enskilt och i grupp med att pr\u00f6va, motivera och st\u00e4rka individen mot att v\u00e5ga och vilja ta plats p\u00e5 den regulj\u00e4ra arbetsmarknaden.<\/p>\n\n\n\n<p class=\"wp-block-paragraph\"><strong>Huvudman:<\/strong><br>Askersunds kommun<\/p>\n\n\n\n<p class=\"wp-block-paragraph\"><strong>Intressenter:<\/strong><br>Arbetsf\u00f6rmedlingen, F\u00f6rs\u00e4kringskassan och kommunerna i Sydn\u00e4rke<\/p>\n\n\n\n<p class=\"wp-block-paragraph\"><strong>Ort:<\/strong><br>Askersund<\/p>\n\n\n\n<p class=\"wp-block-paragraph\"><strong>Projektperiod:<\/strong><br>2015-09-01-2016-12-30<\/p>\n\n\n\n<p class=\"wp-block-paragraph\"><strong>Finansiering:<br><\/strong>Max 574&nbsp;000 kr. under 2016<\/p>\n\n\n\n<p class=\"wp-block-paragraph\"><strong>Syfte:<\/strong><br>Att gemensamt verka f\u00f6r att st\u00f6dja unga vuxna, i f\u00f6rsta hand mellan 18-30 \u00e5r att bryta isolering och social utanf\u00f6rskap samt aktivt arbeta mot att den enskilde tar plats p\u00e5 den regulj\u00e4ra arbetsmarknaden.<\/p>\n\n\n\n<p class=\"wp-block-paragraph\"><strong>M\u00e5l:<\/strong><br>Att underl\u00e4tta f\u00f6r och st\u00f6dja unga vuxna att n\u00e5 den regulj\u00e4ra arbetsmarknaden och i f\u00f6rl\u00e4ngningen bli oberoende av kommunens eller statens st\u00f6d.<br>Att minst 80 % av deltagarna \u00e4r ute i arbetsliknande syssels\u00e4ttning eller studier under och vid projekttiden avslut<\/p>\n\n\n\n<p class=\"wp-block-paragraph\"><strong>M\u00e5lgrupp:<\/strong><br>Unga vuxna som befinner sig i ofta i ett gr\u00e4nsland genom att deras funktionsneds\u00e4ttning g\u00f6r det sv\u00e5rt f\u00f6r etablering p\u00e5 arbetsmarknaden, samtidigt som det g\u00e5r att se att de har en arbetsf\u00f6rm\u00e5ga.<\/p>\n\n\n\n<p class=\"wp-block-paragraph\"><strong>Aktualiseras genom:<\/strong><br>N\u00e5gon av de samverkande myndigheterna<\/p>\n\n\n\n<p class=\"wp-block-paragraph\"><strong>Kontaktperson, namn, telefon och e-post:<\/strong><\/p>\n\n\n\n<p class=\"wp-block-paragraph\">Sara Svensson, Samordnare F\u00f6rsteget<br>Telefon: 072-572 47 00<br>V\u00e4xeln: 0583-810 00<br>Socialf\u00f6rvaltningen<br>696 82 Askersund<\/p>\n","protected":false},"excerpt":{"rendered":"<div class=\"entry-summary\">\n<div class=\"entry-summary\">\nSammanfattning:Projektet v\u00e4nder sig till unga vuxna som har en \u00f6nskan men ett stort behov av personligt st\u00f6d att n\u00e4rma sig den regulj\u00e4ra arbetsmarknaden. Glappet till de befintliga verksamheterna som finns idag \u00e4r f\u00f6r stort f\u00f6r m\u00e5nga unga, efter \u00e5r av&hellip;\n<\/div>\n<div class=\"link-more-container\"><a href=\"https:\/\/finsamorebrolan.se\/sydnarke\/forsteget-askersund\/\" class=\"link-more\" aria-label=\"L\u00e4s mer F\u00f6rsteget\/Askersund\">L\u00e4s mer &hellip;<\/a><\/div>\n<\/div>\n<div class=\"link-more-container\"><a href=\"https:\/\/finsamorebrolan.se\/sydnarke\/forsteget-askersund\/\" class=\"link-more\" aria-label=\"L\u00e4s mer F\u00f6rsteget\/Askersund\">L\u00e4s mer &hellip;<\/a><\/div>\n","protected":false},"author":1,"featured_media":0,"comment_status":"closed","ping_status":"closed","sticky":false,"template":"","format":"standard","meta":{"_crdt_document":"","_coblocks_attr":"","_coblocks_dimensions":"","_coblocks_responsive_height":"","_coblocks_accordion_ie_support":"","footnotes":""},"categories":[37],"tags":[],"class_list":["post-809","post","type-post","status-publish","format-standard","hentry","category-genomforda-insatser","entry","entry-type-post"],"_links":{"self":[{"href":"https:\/\/finsamorebrolan.se\/sydnarke\/wp-json\/wp\/v2\/posts\/809","targetHints":{"allow":["GET"]}}],"collection":[{"href":"https:\/\/finsamorebrolan.se\/sydnarke\/wp-json\/wp\/v2\/posts"}],"about":[{"href":"https:\/\/finsamorebrolan.se\/sydnarke\/wp-json\/wp\/v2\/types\/post"}],"author":[{"embeddable":true,"href":"https:\/\/finsamorebrolan.se\/sydnarke\/wp-json\/wp\/v2\/users\/1"}],"replies":[{"embeddable":true,"href":"https:\/\/finsamorebrolan.se\/sydnarke\/wp-json\/wp\/v2\/comments?post=809"}],"version-history":[{"count":0,"href":"https:\/\/finsamorebrolan.se\/sydnarke\/wp-json\/wp\/v2\/posts\/809\/revisions"}],"wp:attachment":[{"href":"https:\/\/finsamorebrolan.se\/sydnarke\/wp-json\/wp\/v2\/media?parent=809"}],"wp:term":[{"taxonomy":"category","embeddable":true,"href":"https:\/\/finsamorebrolan.se\/sydnarke\/wp-json\/wp\/v2\/categories?post=809"},{"taxonomy":"post_tag","embeddable":true,"href":"https:\/\/finsamorebrolan.se\/sydnarke\/wp-json\/wp\/v2\/tags?post=809"}],"curies":[{"name":"wp","href":"https:\/\/api.w.org\/{rel}","templated":true}]}}