{"id":812,"date":"2015-09-02T13:50:00","date_gmt":"2015-09-02T11:50:00","guid":{"rendered":"https:\/\/finsamorebrolan.se\/sydnarke\/?p=812"},"modified":"2023-02-14T13:51:32","modified_gmt":"2023-02-14T12:51:32","slug":"intensifierad-samverkan","status":"publish","type":"post","link":"https:\/\/finsamorebrolan.se\/sydnarke\/intensifierad-samverkan\/","title":{"rendered":"Intensifierad samverkan"},"content":{"rendered":"\n<p class=\"wp-block-paragraph\"><strong>Sammanfattning<\/strong><br>Behovet av en intensifierad samverkan och ett omfattande st\u00f6d f\u00f6r personer med funktionsneds\u00e4ttning och l\u00e5ngtidssjukskrivna, \u00e4r stort. Avsikten med projektet \u00e4r att vidareutveckla samverkan och ge st\u00f6d till fler individer. Arbetsf\u00f6rmedlingen har i sitt ordinarie uppdrag inte resurser att arbeta med dem som st\u00e5r v\u00e4ldigt l\u00e5ngt fr\u00e5n arbetsmarknaden och har behov av ett omfattande st\u00f6d.<\/p>\n\n\n\n<p class=\"wp-block-paragraph\"><strong>Huvudman<\/strong><br>Arbetsf\u00f6rmedlingen<\/p>\n\n\n\n<p class=\"wp-block-paragraph\"><strong>Intressenter<\/strong><br>Arbetsf\u00f6rmedlingen, F\u00f6rs\u00e4kringskassan Kumla, Hallsberg, Lax\u00e5 och Askersunds kommun och Region \u00d6rebro l\u00e4n<\/p>\n\n\n\n<p class=\"wp-block-paragraph\"><strong>Ort<\/strong><br>Sydn\u00e4rke<\/p>\n\n\n\n<p class=\"wp-block-paragraph\"><strong>Projektperiod<\/strong><br>2015-01-01-2015-12-30<\/p>\n\n\n\n<p class=\"wp-block-paragraph\"><strong>Finansiering<\/strong><br>Max 661 000 kronor under 2015<\/p>\n\n\n\n<p class=\"wp-block-paragraph\"><strong>Syfte<\/strong><br>Behovet av en intensifierad samverkan och ett omfattande st\u00f6d f\u00f6r personer med funktionsneds\u00e4ttning och l\u00e5ngtidssjukskrivna, \u00e4r stort. Avsikten med projektet, \u00e4r att vidareutveckla samverkan och ge st\u00f6d till fler individer.<\/p>\n\n\n\n<p class=\"wp-block-paragraph\"><strong>M\u00e5l<\/strong><br>M\u00e5let \u00e4r att minst 15 personer ska komma ut p\u00e5 arbetspr\u00f6vning under ett \u00e5r.<\/p>\n\n\n\n<p class=\"wp-block-paragraph\"><strong>M\u00e5lgrupp<\/strong><br>Personer med funktionsneds\u00e4ttning och personer som \u00e4r sjukskrivna sedan 6 m\u00e5nader eller l\u00e4ngre.<\/p>\n\n\n\n<p class=\"wp-block-paragraph\"><strong>Aktualiseras genom<\/strong><br>Arbetsf\u00f6rmedling och F\u00f6rs\u00e4kringskassan<\/p>\n\n\n\n<p class=\"wp-block-paragraph\"><strong>Kontaktperson, namn, telefon och e-post<\/strong><\/p>\n\n\n\n<p class=\"wp-block-paragraph\">Malin Bergstrand<br><a href=\"mailto:malin.bergstrand@arbetsformedlingen.se\">malin.bergstrand@arbetsformedlingen.se<\/a><br>010-488 38 50<\/p>\n\n\n\n<p class=\"wp-block-paragraph\">Monica Str\u00f6mberg<br><a href=\"mailto:monica.e.stromberg@arbetsformedlingen.se\">monica.e.stromberg@arbetsformedlingen.se<\/a><br>010-487 29 35<\/p>\n","protected":false},"excerpt":{"rendered":"<div class=\"entry-summary\">\n<div class=\"entry-summary\">\nSammanfattningBehovet av en intensifierad samverkan och ett omfattande st\u00f6d f\u00f6r personer med funktionsneds\u00e4ttning och l\u00e5ngtidssjukskrivna, \u00e4r stort. Avsikten med projektet \u00e4r att vidareutveckla samverkan och ge st\u00f6d till fler individer. Arbetsf\u00f6rmedlingen har i sitt ordinarie uppdrag inte resurser att arbeta&hellip;\n<\/div>\n<div class=\"link-more-container\"><a href=\"https:\/\/finsamorebrolan.se\/sydnarke\/intensifierad-samverkan\/\" class=\"link-more\" aria-label=\"L\u00e4s mer Intensifierad samverkan\">L\u00e4s mer &hellip;<\/a><\/div>\n<\/div>\n<div class=\"link-more-container\"><a href=\"https:\/\/finsamorebrolan.se\/sydnarke\/intensifierad-samverkan\/\" class=\"link-more\" aria-label=\"L\u00e4s mer Intensifierad samverkan\">L\u00e4s mer &hellip;<\/a><\/div>\n","protected":false},"author":1,"featured_media":0,"comment_status":"closed","ping_status":"closed","sticky":false,"template":"","format":"standard","meta":{"_crdt_document":"","_coblocks_attr":"","_coblocks_dimensions":"","_coblocks_responsive_height":"","_coblocks_accordion_ie_support":"","footnotes":""},"categories":[37],"tags":[],"class_list":["post-812","post","type-post","status-publish","format-standard","hentry","category-genomforda-insatser","entry","entry-type-post"],"_links":{"self":[{"href":"https:\/\/finsamorebrolan.se\/sydnarke\/wp-json\/wp\/v2\/posts\/812","targetHints":{"allow":["GET"]}}],"collection":[{"href":"https:\/\/finsamorebrolan.se\/sydnarke\/wp-json\/wp\/v2\/posts"}],"about":[{"href":"https:\/\/finsamorebrolan.se\/sydnarke\/wp-json\/wp\/v2\/types\/post"}],"author":[{"embeddable":true,"href":"https:\/\/finsamorebrolan.se\/sydnarke\/wp-json\/wp\/v2\/users\/1"}],"replies":[{"embeddable":true,"href":"https:\/\/finsamorebrolan.se\/sydnarke\/wp-json\/wp\/v2\/comments?post=812"}],"version-history":[{"count":0,"href":"https:\/\/finsamorebrolan.se\/sydnarke\/wp-json\/wp\/v2\/posts\/812\/revisions"}],"wp:attachment":[{"href":"https:\/\/finsamorebrolan.se\/sydnarke\/wp-json\/wp\/v2\/media?parent=812"}],"wp:term":[{"taxonomy":"category","embeddable":true,"href":"https:\/\/finsamorebrolan.se\/sydnarke\/wp-json\/wp\/v2\/categories?post=812"},{"taxonomy":"post_tag","embeddable":true,"href":"https:\/\/finsamorebrolan.se\/sydnarke\/wp-json\/wp\/v2\/tags?post=812"}],"curies":[{"name":"wp","href":"https:\/\/api.w.org\/{rel}","templated":true}]}}