{"id":821,"date":"2015-09-02T13:54:00","date_gmt":"2015-09-02T11:54:00","guid":{"rendered":"https:\/\/finsamorebrolan.se\/sydnarke\/?p=821"},"modified":"2023-02-14T13:55:44","modified_gmt":"2023-02-14T12:55:44","slug":"forstudien-forsteget","status":"publish","type":"post","link":"https:\/\/finsamorebrolan.se\/sydnarke\/forstudien-forsteget\/","title":{"rendered":"F\u00f6rstudien \u201dF\u00f6rsteget\u201d"},"content":{"rendered":"\n<p class=\"wp-block-paragraph\"><strong>Sammanfattning:<\/strong><br>M\u00e4nniskor med funktionsneds\u00e4ttning och etnisk minoritetsbakgrund ofta kommer i kl\u00e4m mellan olika verksamheter. Det beskrivs \u00e4ven att ber\u00f6rda verksamheter inte uppm\u00e4rksammar f\u00f6rekomsten av funktionsneds\u00e4ttning hos de nyanl\u00e4nda. Personer med synliga funktionsneds\u00e4ttningar uppm\u00e4rksammas i st\u00f6rre utstr\u00e4ckning \u00e4n personer med \u201ddolda\u201d funktionsneds\u00e4ttningar. D\u00e4rtill riskerar personerna att inte f\u00e5 r\u00e4tt st\u00f6d, att insatser dr\u00f6jer, att det saknas rutiner f\u00f6r identifiering och uppt\u00e4ckt av funktionsneds\u00e4ttning eller traumarelaterade erfarenheter och att det ofta inneb\u00e4r att det \u00e4r individen som sj\u00e4lv f\u00e5r ange om funktionsneds\u00e4ttning och\/eller trauma f\u00f6religger.<\/p>\n\n\n\n<p class=\"wp-block-paragraph\"><strong>Huvudman:<\/strong><br>Samordningsf\u00f6rbundet Sydn\u00e4rke<\/p>\n\n\n\n<p class=\"wp-block-paragraph\"><strong>Utf\u00f6rare:<\/strong><br>INDA support Ekonomisk F\u00f6rening<\/p>\n\n\n\n<p class=\"wp-block-paragraph\"><strong>Projektperiod:<\/strong><br>Maj-juli 2015<\/p>\n\n\n\n<p class=\"wp-block-paragraph\"><strong>Finansiering:<\/strong><br>Max 130 000 kr<\/p>\n\n\n\n<p class=\"wp-block-paragraph\"><strong>M\u00e5ls\u00e4ttning:<\/strong><br>Att \u00f6ka m\u00f6jligheten f\u00f6r vuxna personer med funktionsneds\u00e4ttning inom etableringen till egen f\u00f6rs\u00f6rjning genom en plats p\u00e5 arbetsmarknaden.<\/p>\n\n\n\n<p class=\"wp-block-paragraph\"><strong>M\u00e5lgrupp:<\/strong><br>Vuxna personer med funktionsneds\u00e4ttning inom etableringen som \u00e4r bosatta i n\u00e5gon av Sydn\u00e4rkes kommuner alternativt Karlskoga och Degerfors kommun. Personen ska vara motiverad till arbete och bed\u00f6mas ha eller kunna f\u00e5 en arbetsf\u00f6rm\u00e5ga.<\/p>\n\n\n\n<p class=\"wp-block-paragraph\"><strong>Syfte<\/strong><br>Syftet \u00e4r att f\u00f6rst genomf\u00f6ra en f\u00f6rstudie f\u00f6r att kartl\u00e4gga hur behovet ser ut i Sydn\u00e4rkes kommuner och eventuellt \u00e4ven Karlskoga och Degerfors kommun. F\u00f6rstudien presenterats d\u00e4refter f\u00f6r samordningsf\u00f6rbundet som tar beslut om start f\u00f6r fortsatt projekt.<\/p>\n\n\n\n<p class=\"wp-block-paragraph\"><strong>Aktualiseras genom:<\/strong><br>De samverkande myndigheterna<\/p>\n\n\n\n<p class=\"wp-block-paragraph\"><strong>Kontaktperson, namn, telefon och e-post:<\/strong><\/p>\n\n\n\n<p class=\"wp-block-paragraph\">Anna Bylin, Inda support<br>070-788 44 40<br><a href=\"mailto:anna.bylin@indasupport.se\">anna.bylin@indasupport.se<\/a><\/p>\n","protected":false},"excerpt":{"rendered":"<div class=\"entry-summary\">\n<div class=\"entry-summary\">\nSammanfattning:M\u00e4nniskor med funktionsneds\u00e4ttning och etnisk minoritetsbakgrund ofta kommer i kl\u00e4m mellan olika verksamheter. Det beskrivs \u00e4ven att ber\u00f6rda verksamheter inte uppm\u00e4rksammar f\u00f6rekomsten av funktionsneds\u00e4ttning hos de nyanl\u00e4nda. Personer med synliga funktionsneds\u00e4ttningar uppm\u00e4rksammas i st\u00f6rre utstr\u00e4ckning \u00e4n personer med \u201ddolda\u201d funktionsneds\u00e4ttningar.&hellip;\n<\/div>\n<div class=\"link-more-container\"><a href=\"https:\/\/finsamorebrolan.se\/sydnarke\/forstudien-forsteget\/\" class=\"link-more\" aria-label=\"L\u00e4s mer F\u00f6rstudien \u201dF\u00f6rsteget\u201d\">L\u00e4s mer &hellip;<\/a><\/div>\n<\/div>\n<div class=\"link-more-container\"><a href=\"https:\/\/finsamorebrolan.se\/sydnarke\/forstudien-forsteget\/\" class=\"link-more\" aria-label=\"L\u00e4s mer F\u00f6rstudien \u201dF\u00f6rsteget\u201d\">L\u00e4s mer &hellip;<\/a><\/div>\n","protected":false},"author":1,"featured_media":0,"comment_status":"closed","ping_status":"closed","sticky":false,"template":"","format":"standard","meta":{"_crdt_document":"","_coblocks_attr":"","_coblocks_dimensions":"","_coblocks_responsive_height":"","_coblocks_accordion_ie_support":"","footnotes":""},"categories":[37],"tags":[],"class_list":["post-821","post","type-post","status-publish","format-standard","hentry","category-genomforda-insatser","entry","entry-type-post"],"_links":{"self":[{"href":"https:\/\/finsamorebrolan.se\/sydnarke\/wp-json\/wp\/v2\/posts\/821","targetHints":{"allow":["GET"]}}],"collection":[{"href":"https:\/\/finsamorebrolan.se\/sydnarke\/wp-json\/wp\/v2\/posts"}],"about":[{"href":"https:\/\/finsamorebrolan.se\/sydnarke\/wp-json\/wp\/v2\/types\/post"}],"author":[{"embeddable":true,"href":"https:\/\/finsamorebrolan.se\/sydnarke\/wp-json\/wp\/v2\/users\/1"}],"replies":[{"embeddable":true,"href":"https:\/\/finsamorebrolan.se\/sydnarke\/wp-json\/wp\/v2\/comments?post=821"}],"version-history":[{"count":0,"href":"https:\/\/finsamorebrolan.se\/sydnarke\/wp-json\/wp\/v2\/posts\/821\/revisions"}],"wp:attachment":[{"href":"https:\/\/finsamorebrolan.se\/sydnarke\/wp-json\/wp\/v2\/media?parent=821"}],"wp:term":[{"taxonomy":"category","embeddable":true,"href":"https:\/\/finsamorebrolan.se\/sydnarke\/wp-json\/wp\/v2\/categories?post=821"},{"taxonomy":"post_tag","embeddable":true,"href":"https:\/\/finsamorebrolan.se\/sydnarke\/wp-json\/wp\/v2\/tags?post=821"}],"curies":[{"name":"wp","href":"https:\/\/api.w.org\/{rel}","templated":true}]}}