{"id":824,"date":"2014-02-13T13:55:00","date_gmt":"2014-02-13T12:55:00","guid":{"rendered":"https:\/\/finsamorebrolan.se\/sydnarke\/?p=824"},"modified":"2023-02-14T13:58:35","modified_gmt":"2023-02-14T12:58:35","slug":"forrehabilitering-pa-kavesta","status":"publish","type":"post","link":"https:\/\/finsamorebrolan.se\/sydnarke\/forrehabilitering-pa-kavesta\/","title":{"rendered":"F\u00f6rrehabilitering p\u00e5 K\u00e4vesta"},"content":{"rendered":"\n<p class=\"wp-block-paragraph\">Upp till maximalt 5 platser kommer under v\u00e5ren 2013 att k\u00f6pas in i ett projekt som drivs av Finsam Lekeberg och \u00d6rebro. Det \u00e4r f\u00f6r personer bosatta i samordningsf\u00f6rbundet Sydn\u00e4rkes upptagningsomr\u00e5de.<\/p>\n\n\n\n<p class=\"wp-block-paragraph\"><strong>Syfte:<\/strong> Att erbjuda deltagarna f\u00f6rrehabilitering och str\u00e4va efter att de upplever sig st\u00e4rkta och har tagit makten \u00f6ver sina liv och kommit vidare i sin arbetslivsinriktade rehabilitering.<\/p>\n\n\n\n<p class=\"wp-block-paragraph\"><strong>M\u00e5lgrupp:<\/strong> Personer som p\u00e5 grund av l\u00e5ngvarig sjukdom eller l\u00e5ngvarig arbetsl\u00f6shet, st\u00e5r l\u00e5ngt fr\u00e5n arbetsmarknaden.<\/p>\n\n\n\n<p class=\"wp-block-paragraph\"><strong>M\u00e5l:<\/strong><br>Att visa att folkh\u00f6gskolan genom f\u00f6rrehabiliteringen kan slussa m\u00e5lgrupperna till den arbetslivsinriktade rehabiliteringen, studier eller andra insatser som kan vara den individuella v\u00e4gen f\u00f6r deltagarna till en egen f\u00f6rs\u00f6rjning.<br>Att definiera och dokumentera f\u00f6rrehabilitering som en metod f\u00f6r m\u00e5lgrupperna att komma n\u00e4rmare arbetsmarknaden.<br>Forts\u00e4tta att aktivt arbeta f\u00f6r att f\u00f6rrehabilitering i folkh\u00f6gskolemilj\u00f6 ska implementeras och hitta former f\u00f6r en stabil f\u00f6rs\u00f6rjning. Detta sker genom p\u00e5verkansarbete b\u00e5de nationellt, regionalt och lokalt.<br>60 % ska kunna g\u00e5 vidare till arbetslivsinriktad rehabilitering, studier eller annan \u00e5tg\u00e4rd som kan leda till egen f\u00f6rs\u00f6rjning.<\/p>\n\n\n\n<p class=\"wp-block-paragraph\"><strong>Verksamhetsinneh\u00e5ll:<\/strong><br>Aktiviteterna l\u00e4gger focus p\u00e5 det friska och arbetet inriktas p\u00e5 att ta till vara varje individs arbetsf\u00f6rm\u00e5ga. Aktiviteterna omfattar mellan 11-15 veckor och best\u00e5r av kartl\u00e4ggning av varje deltagare, individuella samtal, sj\u00e4lvst\u00e4rkande moment, teoretiska studier, skapande arbete, fysisk aktivitet, kulturella moment och studiebes\u00f6k.<\/p>\n","protected":false},"excerpt":{"rendered":"<div class=\"entry-summary\">\n<div class=\"entry-summary\">\nUpp till maximalt 5 platser kommer under v\u00e5ren 2013 att k\u00f6pas in i ett projekt som drivs av Finsam Lekeberg och \u00d6rebro. Det \u00e4r f\u00f6r personer bosatta i samordningsf\u00f6rbundet Sydn\u00e4rkes upptagningsomr\u00e5de. Syfte: Att erbjuda deltagarna f\u00f6rrehabilitering och str\u00e4va efter att&hellip;\n<\/div>\n<div class=\"link-more-container\"><a href=\"https:\/\/finsamorebrolan.se\/sydnarke\/forrehabilitering-pa-kavesta\/\" class=\"link-more\" aria-label=\"L\u00e4s mer F\u00f6rrehabilitering p\u00e5 K\u00e4vesta\">L\u00e4s mer &hellip;<\/a><\/div>\n<\/div>\n<div class=\"link-more-container\"><a href=\"https:\/\/finsamorebrolan.se\/sydnarke\/forrehabilitering-pa-kavesta\/\" class=\"link-more\" aria-label=\"L\u00e4s mer F\u00f6rrehabilitering p\u00e5 K\u00e4vesta\">L\u00e4s mer &hellip;<\/a><\/div>\n","protected":false},"author":1,"featured_media":0,"comment_status":"closed","ping_status":"closed","sticky":false,"template":"","format":"standard","meta":{"_crdt_document":"","_coblocks_attr":"","_coblocks_dimensions":"","_coblocks_responsive_height":"","_coblocks_accordion_ie_support":"","footnotes":""},"categories":[37],"tags":[],"class_list":["post-824","post","type-post","status-publish","format-standard","hentry","category-genomforda-insatser","entry","entry-type-post"],"_links":{"self":[{"href":"https:\/\/finsamorebrolan.se\/sydnarke\/wp-json\/wp\/v2\/posts\/824","targetHints":{"allow":["GET"]}}],"collection":[{"href":"https:\/\/finsamorebrolan.se\/sydnarke\/wp-json\/wp\/v2\/posts"}],"about":[{"href":"https:\/\/finsamorebrolan.se\/sydnarke\/wp-json\/wp\/v2\/types\/post"}],"author":[{"embeddable":true,"href":"https:\/\/finsamorebrolan.se\/sydnarke\/wp-json\/wp\/v2\/users\/1"}],"replies":[{"embeddable":true,"href":"https:\/\/finsamorebrolan.se\/sydnarke\/wp-json\/wp\/v2\/comments?post=824"}],"version-history":[{"count":0,"href":"https:\/\/finsamorebrolan.se\/sydnarke\/wp-json\/wp\/v2\/posts\/824\/revisions"}],"wp:attachment":[{"href":"https:\/\/finsamorebrolan.se\/sydnarke\/wp-json\/wp\/v2\/media?parent=824"}],"wp:term":[{"taxonomy":"category","embeddable":true,"href":"https:\/\/finsamorebrolan.se\/sydnarke\/wp-json\/wp\/v2\/categories?post=824"},{"taxonomy":"post_tag","embeddable":true,"href":"https:\/\/finsamorebrolan.se\/sydnarke\/wp-json\/wp\/v2\/tags?post=824"}],"curies":[{"name":"wp","href":"https:\/\/api.w.org\/{rel}","templated":true}]}}