{"id":830,"date":"2014-02-13T13:59:00","date_gmt":"2014-02-13T12:59:00","guid":{"rendered":"https:\/\/finsamorebrolan.se\/sydnarke\/?p=830"},"modified":"2023-02-14T14:01:31","modified_gmt":"2023-02-14T13:01:31","slug":"ame-tvatten","status":"publish","type":"post","link":"https:\/\/finsamorebrolan.se\/sydnarke\/ame-tvatten\/","title":{"rendered":"AME-Tv\u00e4tten"},"content":{"rendered":"\n<p class=\"wp-block-paragraph\"><strong>Samverkande myndigheter:<\/strong> Arbetsf\u00f6rmedlingen, F\u00f6rs\u00e4kringskassan, Askersund, Kumla, Hallsberg och Lax\u00e5 kommun.<\/p>\n\n\n\n<p class=\"wp-block-paragraph\"><strong>Projektperiod:<\/strong> 2013-01-01 \u2014 2013-08-31<\/p>\n\n\n\n<p class=\"wp-block-paragraph\"><strong>M\u00e5lgrupp:<\/strong> Personer i f\u00f6rv\u00e4rvsaktiv \u00e5lder som st\u00e5r l\u00e5ngt ifr\u00e5n arbetsmarknaden och har behov av syssels\u00e4ttning. Grundkravet \u00e4r att man \u00e4r arbetsl\u00f6s och har sin f\u00f6rs\u00f6rjning fr\u00e5n Arbetsf\u00f6rmedlingen, F\u00f6rs\u00e4kringskassan eller socialf\u00f6rvaltningen.<\/p>\n\n\n\n<p class=\"wp-block-paragraph\"><strong>Syfte:<\/strong> Att anv\u00e4nda platserna till att utf\u00f6ra arbetsf\u00f6rm\u00e5gebed\u00f6mningar \u00e5t arbetsf\u00f6rmedlingen och ordna syssels\u00e4ttningsplatser \u00e5t personer som uppb\u00e4r f\u00f6rs\u00f6rjningsst\u00f6d. I f\u00f6rl\u00e4ngningen \u00e4r tanken att personer som har deltagit i verksamheten ska bli mer g\u00e5ngbara p\u00e5 den regulj\u00e4ra arbetsmarknaden.<\/p>\n\n\n\n<p class=\"wp-block-paragraph\"><strong>M\u00e5l:<\/strong><br>Att ha klarlagt arbetsf\u00f6rm\u00e5gan i samtliga fall p\u00e5 personer som kommer fr\u00e5n Arbetsf\u00f6rmedlingen.<br>Att ha tagit ett steg n\u00e4rmare arbetsmarknaden, f\u00e5tt \u00f6kat sj\u00e4lvf\u00f6rtroende och h\u00f6jd motivation.<\/p>\n\n\n\n<h4 class=\"wp-block-heading\">Verksamhetsinneh\u00e5ll:<\/h4>\n\n\n\n<p class=\"wp-block-paragraph\">Ny verksamhet har startat upp f\u00f6r att ordna fler arbetstr\u00e4ningsplatser. Verksamheten inneb\u00e4r att man tv\u00e4ttar, stryker, manglar s\u00e4nglinne och andra textilier \u00e5t hemtj\u00e4nsten inom Kumla kommun. Projektledaren \u00e4r ett st\u00f6d f\u00f6r deltagarna i verksamheten. Efter projekttiden \u00e4r f\u00f6rhoppningen att tv\u00e4tteriet ska ing\u00e5 i ordinarie verksamhet inom kommunen. Liknande verksamhet har tidigare startat upp i Askersund och Kumla kommun med st\u00f6d till projektledare fr\u00e5n f\u00f6rbundet. De verksamheterna har \u00f6verg\u00e5tt i kommunernas ordinarie verksamhet.<\/p>\n","protected":false},"excerpt":{"rendered":"<div class=\"entry-summary\">\n<div class=\"entry-summary\">\nSamverkande myndigheter: Arbetsf\u00f6rmedlingen, F\u00f6rs\u00e4kringskassan, Askersund, Kumla, Hallsberg och Lax\u00e5 kommun. Projektperiod: 2013-01-01 \u2014 2013-08-31 M\u00e5lgrupp: Personer i f\u00f6rv\u00e4rvsaktiv \u00e5lder som st\u00e5r l\u00e5ngt ifr\u00e5n arbetsmarknaden och har behov av syssels\u00e4ttning. Grundkravet \u00e4r att man \u00e4r arbetsl\u00f6s och har sin f\u00f6rs\u00f6rjning fr\u00e5n&hellip;\n<\/div>\n<div class=\"link-more-container\"><a href=\"https:\/\/finsamorebrolan.se\/sydnarke\/ame-tvatten\/\" class=\"link-more\" aria-label=\"L\u00e4s mer AME-Tv\u00e4tten\">L\u00e4s mer &hellip;<\/a><\/div>\n<\/div>\n<div class=\"link-more-container\"><a href=\"https:\/\/finsamorebrolan.se\/sydnarke\/ame-tvatten\/\" class=\"link-more\" aria-label=\"L\u00e4s mer AME-Tv\u00e4tten\">L\u00e4s mer &hellip;<\/a><\/div>\n","protected":false},"author":1,"featured_media":0,"comment_status":"closed","ping_status":"closed","sticky":false,"template":"","format":"standard","meta":{"_crdt_document":"","_coblocks_attr":"","_coblocks_dimensions":"","_coblocks_responsive_height":"","_coblocks_accordion_ie_support":"","footnotes":""},"categories":[37],"tags":[],"class_list":["post-830","post","type-post","status-publish","format-standard","hentry","category-genomforda-insatser","entry","entry-type-post"],"_links":{"self":[{"href":"https:\/\/finsamorebrolan.se\/sydnarke\/wp-json\/wp\/v2\/posts\/830","targetHints":{"allow":["GET"]}}],"collection":[{"href":"https:\/\/finsamorebrolan.se\/sydnarke\/wp-json\/wp\/v2\/posts"}],"about":[{"href":"https:\/\/finsamorebrolan.se\/sydnarke\/wp-json\/wp\/v2\/types\/post"}],"author":[{"embeddable":true,"href":"https:\/\/finsamorebrolan.se\/sydnarke\/wp-json\/wp\/v2\/users\/1"}],"replies":[{"embeddable":true,"href":"https:\/\/finsamorebrolan.se\/sydnarke\/wp-json\/wp\/v2\/comments?post=830"}],"version-history":[{"count":0,"href":"https:\/\/finsamorebrolan.se\/sydnarke\/wp-json\/wp\/v2\/posts\/830\/revisions"}],"wp:attachment":[{"href":"https:\/\/finsamorebrolan.se\/sydnarke\/wp-json\/wp\/v2\/media?parent=830"}],"wp:term":[{"taxonomy":"category","embeddable":true,"href":"https:\/\/finsamorebrolan.se\/sydnarke\/wp-json\/wp\/v2\/categories?post=830"},{"taxonomy":"post_tag","embeddable":true,"href":"https:\/\/finsamorebrolan.se\/sydnarke\/wp-json\/wp\/v2\/tags?post=830"}],"curies":[{"name":"wp","href":"https:\/\/api.w.org\/{rel}","templated":true}]}}